{"id":1748,"date":"2020-06-11T19:23:15","date_gmt":"2020-06-11T17:23:15","guid":{"rendered":"https:\/\/advokatskakancelarijajecmenica.com\/?p=1748"},"modified":"2020-06-11T19:23:15","modified_gmt":"2020-06-11T17:23:15","slug":"droit-du-travail-en-serbie-cabinet-d-avocat-a-belgrade","status":"publish","type":"post","link":"https:\/\/advokatskakancelarijajecmenica.com\/fr\/droit-du-travail-en-serbie-cabinet-d-avocat-a-belgrade\/","title":{"rendered":"DROIT DU TRAVAIL EN SERBIE \u2013 CABINET D\u2019AVOCAT \u00c0 BELGRADE"},"content":{"rendered":"<p><em><span style=\"font-size: 19px; color: #ff0000;\">Le droit du travail en Serbie est la mati\u00e8re juridique laquelle r\u00e8gle les relations entre deux, g\u00e9n\u00e9ralement en conflit groupes sociales: les employeurs et les salari\u00e9s.<\/span><\/em><\/p>\n<p><span style=\"font-size: 17px; color: #000000;\">D\u00e9veloppment historique du droit du travail a \u00e9t\u00e9 tr\u00e8s lent et <strong>il fallut passer si\u00e8cles<\/strong> pour connaissance l\u2019importance. Le droit du travail est constitu\u00e9 comme <strong>un compromis<\/strong> entre l\u2019int\u00e9r\u00eat de gagner un profit dont est l\u2019agenda des employeurs et l\u2019int\u00e9r\u00eat d\u2019assurer les conditions de travail dignes dont est l\u2019agenda des salari\u00e9s.<\/span><\/p>\n<p><span style=\"font-size: 17px; color: #000000;\">La source principale du droit du travaill de la R\u00e9publique de Serbie est <strong>la Loi de travaille<\/strong> (<em>\u201cOff. Journal de la RS\u201d, Nos. 24\/2005,61\/2005,54\/2009, 95\/2018<\/em>). Cet Loi est importante parce qu\u2019on garantit <strong>le niveau minimum<\/strong> des droits des salair\u00e9s et conditions d\u2019emploi. En vertu de l\u2019article 30. de la Loi de travaille, la relation de travail entre un employeur et un salair\u00e9 est constitu\u00e9e <strong>par un contrat de travail<\/strong>.<\/span><\/p>\n<p><strong><span style=\"font-size: 20px; color: #ff0000;\">LE CONTRAT DE TRAVAIL<\/span><\/strong><\/p>\n<p><span style=\"font-size: 17px; color: #000000;\">Le contrat de travail est une convention par laquelle une personne <strong>le salari\u00e9<\/strong> s\u2019engage \u00e0 mettre son activit\u00e9 \u00e0 la disposition d\u2019une autre personne <strong>l\u2019employeur<\/strong> en contrepartie <strong>d\u2019une r\u00e9mun\u00e9ration<\/strong> appel\u00e9e salaire. Selon le crit\u00e8re de la dur\u00e9e, le contrat de travail peut \u00eatre conclu comme le contrat de travail <strong>\u00e0 dur\u00e9e d\u00e9termin\u00e9e<\/strong> ou le contrat de travail <strong>\u00e0 dur\u00e9e ind\u00e9termin\u00e9e<\/strong>.\u00a0\u00a0<\/span><\/p>\n<p><span style=\"font-size: 17px; color: #000000;\">Ces contrats doit avoir <strong>les informations suivantes<\/strong>: identit\u00e9 des parties, dur\u00e9e de contrat, nom de travail, type et niveau des qualifications, description des activit\u00e9s, lieu de travail, montant du salaire, temps de travail etc.<\/span><\/p>\n<p><span style=\"font-size: 17px; color: #000000;\">Le contrat de travail peut aussi pr\u00e9voir <strong>des clauses sp\u00e9ciales<\/strong>. L\u2019employeurs stupulent tr\u00e8s souvent dans le contrat de travail une <strong>clause de non-concurrence<\/strong>. En vertu de cet clause, un salair\u00e9 ne peut pas travailler pour une soci\u00e9t\u00e9 concurrente de son employeur apr\u00e8s la rupture de son contrat de travail. La clause de non-concurrence doit \u00eatre limit\u00e9e dans le temps \u2013 <strong>le maximum est 2 ans<\/strong>.\u00a0 L\u2019employeur a le devoir de payer <strong>une indemnation<\/strong> \u00e0 son ancien salair\u00e9 pendant la dur\u00e9e cet clause.<\/span><\/p>\n<p><strong><span style=\"font-size: 20px; color: #ff0000;\">LE LICENCIEMENT<\/span><\/strong><\/p>\n<p><span style=\"font-size: 17px; color: #000000;\">La relation de travail peut \u00eatre termin\u00e9e par <strong>trois fa\u00e7ons<\/strong>: la dur\u00e9e de contrat de travail \u00e0 dur\u00e9e d\u00e9termin\u00e9e est pass\u00e9e, la r\u00e9siliation consensuelle et <strong>le licenciement<\/strong>. D\u2019apres la Loi de travaille, il y a <strong>trois types<\/strong> du licenciement: le licenciement pour <strong>motif personnel<\/strong>, le licenciement pour <strong>motif disciplinaire<\/strong> et le licenciement pour <strong>motif \u00e9conomique<\/strong>. L\u2019employeur doit <strong>respecter<\/strong> une proc\u00e9dure de licenciement. Le licenciement doit reposer sur une cause <strong>r\u00e9elle et s\u00e9rieuse<\/strong>.<\/span><\/p>\n<p><span style=\"font-size: 17px; color: #000000;\">Si le licenciement est ill\u00e9gal le salair\u00e9 peut saisir la cour et <strong>demander l\u2019annulation<\/strong>. La cour a le pouvoir <strong>d\u2019annuler<\/strong> le licenciement ill\u00e9gal et <strong>de replacer<\/strong> le salair\u00e9. En ce cas, l\u2019employeur a l\u2019obligation de <strong>r\u00e9parer un pr\u00e9judice<\/strong> (perte des salaires) qu\u2019il a caus\u00e9 au salair\u00e9.<\/span><\/p>\n<p><strong><span style=\"font-size: 20px; color: #ff0000;\">L\u2019EMPLOI DES \u00c9TRANGERS \u00c0 SERBIE<\/span><\/strong><\/p>\n<p><span style=\"font-size: 17px; color: #000000;\">Le droit du travail aussi r\u00e8gle <strong>l\u2019emploi des \u00e9trangers<\/strong> \u00e0 la R\u00e9publique de Serbie. \u00a0D\u2019apr\u00e8s les lois lesquelles d\u00e9finissent le statut juridique des \u00e9trangers, ils ont <strong>le droit de travailler<\/strong> \u00e0 Serbie. En cet cas, les \u00e9trangers doit compl\u00e9ter <strong>deux conditions cumulatives<\/strong>: 1) d\u2019obtenir <a href=\"https:\/\/advokatskakancelarijajecmenica.com\/fr\/le-permis-de-sejour-temporaire-des-etrangers-en-serbie-le-cabinet-d-avocat-a-belgrade\/\"><strong><em><span style=\"color: #008000;\">le permis de s\u00e9jour \u00a0temporaire<\/span><\/em><\/strong><\/a>; 2) d\u2019obtenir \u00a0<strong>le permis de travail<\/strong>. Le permis de travail est un document juridique lequel autorise un \u00e9tranger de former le contrat de travail avec <a href=\"https:\/\/advokatskakancelarijajecmenica.com\/fr\/creation-de-sarl-a-belgrade-cabinet-d-avocat-a-belgrade\/\"><strong><em><span style=\"color: #008000;\">une soci\u00e9t\u00e9 commerciale<\/span><\/em><\/strong><\/a> \u00e0 Serbie.<\/span><\/p>\n<p><span style=\"font-size: 17px; color: #000000;\">Pour plusieurs des informations de droit du travail en Serbie vous pouvez <a href=\"https:\/\/advokatskakancelarijajecmenica.com\/fr\/contact\/\"><strong><span style=\"color: #008000;\"><em>contacter l\u2019avocat<\/em><\/span><\/strong><\/a>.<\/span><\/p>\n<p>&nbsp;<\/p>\n<p>&nbsp;<\/p>\n","protected":false},"excerpt":{"rendered":"<p>Le droit du travail en Serbie est la mati\u00e8re juridique laquelle r\u00e8gle les relations entre deux, g\u00e9n\u00e9ralement en conflit groupes sociales: les employeurs et les salari\u00e9s. D\u00e9veloppment historique du droit du travail a \u00e9t\u00e9 tr\u00e8s lent et il fallut passer si\u00e8cles pour connaissance l\u2019importance. Le droit du travail est constitu\u00e9 comme un compromis entre l\u2019int\u00e9r\u00eat [&hellip;]<\/p>\n","protected":false},"author":3,"featured_media":1597,"comment_status":"open","ping_status":"open","sticky":false,"template":"","format":"standard","meta":{"footnotes":""},"categories":[130],"tags":[137,138],"class_list":["post-1748","post","type-post","status-publish","format-standard","has-post-thumbnail","hentry","category-non-classifiee","tag-le-droit-du-travail-en-serbie","tag-le-licenciement"],"_links":{"self":[{"href":"https:\/\/advokatskakancelarijajecmenica.com\/fr\/wp-json\/wp\/v2\/posts\/1748","targetHints":{"allow":["GET"]}}],"collection":[{"href":"https:\/\/advokatskakancelarijajecmenica.com\/fr\/wp-json\/wp\/v2\/posts"}],"about":[{"href":"https:\/\/advokatskakancelarijajecmenica.com\/fr\/wp-json\/wp\/v2\/types\/post"}],"author":[{"embeddable":true,"href":"https:\/\/advokatskakancelarijajecmenica.com\/fr\/wp-json\/wp\/v2\/users\/3"}],"replies":[{"embeddable":true,"href":"https:\/\/advokatskakancelarijajecmenica.com\/fr\/wp-json\/wp\/v2\/comments?post=1748"}],"version-history":[{"count":0,"href":"https:\/\/advokatskakancelarijajecmenica.com\/fr\/wp-json\/wp\/v2\/posts\/1748\/revisions"}],"wp:featuredmedia":[{"embeddable":true,"href":"https:\/\/advokatskakancelarijajecmenica.com\/fr\/wp-json\/wp\/v2\/media\/1597"}],"wp:attachment":[{"href":"https:\/\/advokatskakancelarijajecmenica.com\/fr\/wp-json\/wp\/v2\/media?parent=1748"}],"wp:term":[{"taxonomy":"category","embeddable":true,"href":"https:\/\/advokatskakancelarijajecmenica.com\/fr\/wp-json\/wp\/v2\/categories?post=1748"},{"taxonomy":"post_tag","embeddable":true,"href":"https:\/\/advokatskakancelarijajecmenica.com\/fr\/wp-json\/wp\/v2\/tags?post=1748"}],"curies":[{"name":"wp","href":"https:\/\/api.w.org\/{rel}","templated":true}]}}