{"id":1865,"date":"2023-02-04T16:01:39","date_gmt":"2023-02-04T15:01:39","guid":{"rendered":"https:\/\/advokatskakancelarijajecmenica.com\/?p=1865"},"modified":"2023-02-04T16:21:10","modified_gmt":"2023-02-04T15:21:10","slug":"acquisition-de-la-citoyennete-de-la-reublique-de-serbie-l-avocat-belgrade","status":"publish","type":"post","link":"https:\/\/advokatskakancelarijajecmenica.com\/fr\/acquisition-de-la-citoyennete-de-la-reublique-de-serbie-l-avocat-belgrade\/","title":{"rendered":"ACQUISITION DE LA CITOYENNET\u00c9 DE LA R\u00c9PUBLIQUE DE SERBIE &#8211; L\u2019AVOCAT BELGRADE"},"content":{"rendered":"<p><span style=\"font-size: 17px;\"><em><span style=\"color: #ff0000;\">\u201eMa petite rose, ma fleur aim\u00e9e, les cheveux grisonnent, les ann\u00e9es s&rsquo;effilent, le temps passe, l&rsquo;amour devient plus fort, et chacun doit revenir vers les siens\u201c chantait Ja\u0161ar Ahmedovski dans les ann\u00e9es 80, sans m\u00eame se douter que ces paroles deviendraient l&rsquo;hymne des rapatri\u00e9s en Serbie en ce d\u00e9but de la troisi\u00e8me d\u00e9cennie du troisi\u00e8me mill\u00e9naire. <\/span><\/em><\/span><\/p>\n<p><span style=\"font-size: 16px;\"><span style=\"color: #ff0000;\"><span style=\"color: #000000;\">Et pour que les rapatri\u00e9s de la diaspora puissent \u00a0s\u2019int\u00e9grer dans la soci\u00e9t\u00e9 serbe,<strong> l\u2019acquisition de la citoyennet\u00e9 serbe<\/strong> appara\u00eet comme une pr\u00e9misse essentielle. Dans les lignes qui suivent, nous allons vous pr\u00e9senter les modalit\u00e9s d\u2019acquisition de la citoyennet\u00e9 serbe.<\/span><\/span><\/span><\/p>\n<p><span style=\"color: #000000; font-size: 16px;\">La citoyennet\u00e9 repr\u00e9sente <strong>le<\/strong> <strong>lien juridique<\/strong> le plus fort d\u2019un individu avec une entit\u00e9 \u00e9tatique, qui lui garantit l\u2019ensemble de droits le plus vaste. Contrairement aux \u00e9trangers qui sont totalement priv\u00e9s de certains droits, comme le droit de vote (de voter et d\u2019\u00eatre \u00e9lu aux \u00e9lections), tandis que certains droits, comme <a href=\"https:\/\/advokatskakancelarijajecmenica.com\/fr\/le-droit-du-travail\/\"><strong><span style=\"color: #008000;\">le droit au travail<\/span><\/strong><\/a>, leurs sont accessibles sous certaines conditions, les citoyens serbes jouissent, sans exception, de <strong>tous les droits<\/strong> garantis par la constitution.<\/span><\/p>\n<p><strong><span style=\"color: #ff0000; font-size: 17px;\">QUELLES SONT LES MODALIT\u00c9S D\u2019ACQUISITION DE LA CITOYENNET\u00c9 SERBE?<\/span><\/strong><\/p>\n<p><span style=\"color: #000000; font-size: 16px;\">La loi sur la citoyennet\u00e9 de la R\u00e9publique de Serbie reconna\u00eet au total <strong>quatre mani\u00e8res<\/strong> d\u2019acqu\u00e9rir la citoyennet\u00e9 serbe\u00a0:<\/span><\/p>\n<ul>\n<li><span style=\"color: #000000; font-size: 16px;\"><strong>par son origine<\/strong>;<\/span><\/li>\n<li><span style=\"color: #000000; font-size: 16px;\"><strong>par la naissance<\/strong> sur le territoire de la R\u00e9publique de Serbie;<\/span><\/li>\n<li><span style=\"color: #000000; font-size: 16px;\"><strong>par naturalisation<\/strong>;<\/span><\/li>\n<li><span style=\"color: #000000; font-size: 16px;\"><strong>par application<\/strong> de conventions internationales<\/span><\/li>\n<\/ul>\n<p><span style=\"color: #000000; font-size: 16px;\">L\u2019acquisition de la citoyennet\u00e9 serbe <strong>par son origine<\/strong> est r\u00e9serv\u00e9e \u00e0 un enfant:<\/span><\/p>\n<p><span style=\"color: #000000; font-size: 16px;\">1) dont <strong>les deux parents<\/strong> sont <strong>citoyens<\/strong> de la R\u00e9publique de Serbie au moment de sa naissance ou;<\/span><\/p>\n<p><span style=\"color: #000000; font-size: 16px;\">2) dont<strong> l\u2019un des parents<\/strong> est <strong>citoyen<\/strong> de la R\u00e9publique de Serbie au moment de sa naissance, et l\u2019enfant est n\u00e9 sur le territoire de la R\u00e9publique de Serbie ou\u00a0;<\/span><\/p>\n<p><span style=\"color: #000000; font-size: 16px;\">3) <strong>n\u00e9 \u00e0 l\u2019\u00e9tranger<\/strong>, dont l\u2019un des parents est citoyen de la R\u00e9publique de Serbie au moment de sa naissance et dont l\u2019autre parent est soit<strong> inconnu<\/strong> soit de <strong>nationalit\u00e9 inconnue<\/strong> ou apatride ou est citoyen \u00e9tranger, si le parent qui est citoyen de la R\u00e9publique de Serbie <strong>d\u00e9clare l\u2019enfant<\/strong>, avant qu\u2019il atteigne l\u2019\u00e2ge de 18 ans, au bureau diplomatique comp\u00e9tent ou \u00e0 la repr\u00e9sentation consulaire de la R\u00e9publique de Serbie.<\/span><\/p>\n<p><span style=\"color: #000000; font-size: 16px;\">D\u2019autre part, un enfant acquiert la citoyennet\u00e9 par naissance sur le territoire de la R\u00e9publique de Serbie si ses deux parents sont <strong>inconnus<\/strong> ou de nationalit\u00e9 inconnue ou apatrides ou si l\u2019enfant est apatride. Ainsi, ce mode d\u2019acquisition de la citoyennet\u00e9 est n\u00e9 <strong>de motifs altruistes<\/strong> pour fournir une protection aux enfants abandonn\u00e9s pour qu\u2019ils ne restent pas de <em>\u00ab\u00a0orphelins tristes sans personne au monder\u00a0\u00bb<\/em> comme l\u2019\u00e9crivait Njego\u0161.<\/span><\/p>\n<p><span style=\"color: #000000; font-size: 16px;\">Enfin, l\u2019acquisition de la citoyennet\u00e9 <strong>par naturalisation<\/strong> est r\u00e9serv\u00e9e aux ressortissants \u00e9trangers qui ont obtenu la r\u00e9sidence permanente en Serbie conform\u00e9ment \u00e0 la r\u00e9glementation sur <a href=\"https:\/\/advokatskakancelarijajecmenica.com\/fr\/le-droit-des-etrangers\/\"><em><strong><span style=\"color: #008000;\">les droits des \u00e9trangers<\/span><\/strong><\/em><\/a>. Il faut garder \u00e0 l\u2019esprit que l\u2019acquisition de la r\u00e9sidence permanente est <strong>un long processus<\/strong> qui, dans le meilleur des cas, implique trois ans de r\u00e9sidence continue en Serbie avec autorisation de <a href=\"https:\/\/advokatskakancelarijajecmenica.com\/fr\/le-permis-de-sejour-temporaire-des-etrangers-en-serbie-le-cabinet-d-avocat-a-belgrade\/\"><em><strong><span style=\"color: #008000;\">la r\u00e9sidence temporaire<\/span><\/strong><\/em><\/a> (ressortissants \u00e9trangers conjoints de citoyens serbes), ou cinq ans de r\u00e9sidence continue en Serbie (pour toutes les autres cat\u00e9gories d\u2019\u00e9trangers). <\/span><\/p>\n<p><span style=\"color: #000000; font-size: 16px;\">Pour acqu\u00e9rir la citoyennet\u00e9 serbe par naturalisation, un \u00e9tranger <strong>doit remplir les conditions<\/strong> suivantes\u00a0: 1) avoir atteint <strong>l\u2019\u00e2ge de 18 ans<\/strong> et ne pas avoir \u00e9t\u00e9 priv\u00e9 de sa <strong>capacit\u00e9 \u00e0 travailler<\/strong>\u00a0; 2) avoir <strong>renonc\u00e9<\/strong> \u00e0 sa citoyennet\u00e9 \u00e9trang\u00e8re ou pr\u00e9senter la preuve qu\u2019il y <strong>renoncera<\/strong> s\u2019il obtient la citoyennet\u00e9 serbe\u00a0; 3) qu\u2019il a eu <strong>une r\u00e9sidence permanente<\/strong> continue sur le territoire de la R\u00e9publique de Serbie pendant <strong>au moins trois ans<\/strong>\u00a0; 4) qu\u2019il soumet <strong>une d\u00e9claration \u00e9crite<\/strong> par laquelle il consid\u00e8re qu\u2019il consid\u00e8re la R\u00e9publique de Serbie comme son pays. \u00a0<\/span><\/p>\n<p><strong><span style=\"color: #ff0000; font-size: 17px;\">ADMISSION \u00c0 LA CITOYENNET\u00c9 SERBE DES \u00c9MIGR\u00c9S ET DES PERSONNES APPARTENANT AU PEUPLE SERBE<\/span><\/strong><\/p>\n<p><span style=\"color: #000000; font-size: 16px;\">Ici, nous revenons au d\u00e9but de notre article, o\u00f9 nous avons soulign\u00e9 <strong>la tendance du retour en Serbie<\/strong> de notre peuple, <strong>des \u00e9migr\u00e9s<\/strong> qui sont n\u00e9s en Serbie, puis qui sont partis dans les pays <strong>les plus prosp\u00e8res<\/strong> d\u2019Europe occidentale, l\u2019Australie, le Canada, les \u00c9tats-Unis, etc. Ayant appris le caract\u00e8re totalitaire de ces pays en temps de crise comme la n\u00f4tre caus\u00e9e par la pand\u00e9mie de Covid 19, un nombre consid\u00e9rable d\u2019entre eux ont <strong>d\u00e9cid\u00e9 de retourner en Serbie<\/strong>. Il ne s\u2019agit pas seulement d\u2019\u00e9migr\u00e9s, mais parmi les rapatri\u00e9s, il y a aussi <strong>la deuxi\u00e8me g\u00e9n\u00e9ration<\/strong> qui est n\u00e9e \u00e0 des milliers de kilom\u00e8tres de leur patrie.<\/span><\/p>\n<p><span style=\"color: #000000; font-size: 16px;\">Les <strong>expatri\u00e9s, leurs descendants<\/strong> et les personnes appartenant au peuple serbe (deuxi\u00e8me, troisi\u00e8me g\u00e9n\u00e9ration) peuvent \u00eatre admis \u00e0 la citoyennet\u00e9 de la R\u00e9publique de Serbie s\u2019ils ont atteint<strong> l\u2019\u00e2ge de 18 ans<\/strong> et n\u2019ont pas \u00e9t\u00e9 priv\u00e9s de leurs capacit\u00e9s juridiques et s\u2019ils soumettent <strong>une d\u00e9claration \u00e9crite<\/strong> par laquelle ils indiquent consid\u00e9rer la R\u00e9publique de Serbie comme leur pays. Ce qui est particuli\u00e8rement important \u2013 les \u00e9migr\u00e9s, leurs descendants et les personnes appartenant au peuple serbe <strong>ne doivent pas renoncer<\/strong> \u00e0 leur nationalit\u00e9 \u00e9trang\u00e8re, ce qui signifie qu\u2019ils ont le droit \u00e0 <strong>la double nationalit\u00e9<\/strong>.<\/span><\/p>\n<p><span style=\"color: #000000; font-size: 16px;\">Pour demander la citoyennet\u00e9, les \u00e9trangers ne sont pas dans l\u2019obligation de r\u00e9sider en Serbie, mais ils peuvent <strong>mandater des avocats<\/strong> pour qu\u2019ils fassent la demande en leur nom. C\u2019est <strong>le minist\u00e8re de l\u2019Int\u00e9rieur<\/strong> de la R\u00e9publique de Serbie qui statue sur les demandes de citoyennet\u00e9, et on attend la d\u00e9cision <strong>entre 3 et 6 mois<\/strong>.<\/span><\/p>\n<p><span style=\"color: #000000; font-size: 16px;\">Pour plus d\u2019informations \u00e0 ce sujet, ainsi que sur d\u2019autres questions dans le domaine du droit des \u00e9trangers, vous pouvez contacter <a href=\"https:\/\/advokatskakancelarijajecmenica.com\/fr\/contact\/\"><strong><em><span style=\"color: #008000;\">l\u2019avocat<\/span><\/em><\/strong><\/a>.<\/span><\/p>\n<p>&nbsp;<\/p>\n","protected":false},"excerpt":{"rendered":"<p>\u201eMa petite rose, ma fleur aim\u00e9e, les cheveux grisonnent, les ann\u00e9es s&rsquo;effilent, le temps passe, l&rsquo;amour devient plus fort, et chacun doit revenir vers les siens\u201c chantait Ja\u0161ar Ahmedovski dans les ann\u00e9es 80, sans m\u00eame se douter que ces paroles deviendraient l&rsquo;hymne des rapatri\u00e9s en Serbie en ce d\u00e9but de la troisi\u00e8me d\u00e9cennie du troisi\u00e8me [&hellip;]<\/p>\n","protected":false},"author":3,"featured_media":1788,"comment_status":"open","ping_status":"open","sticky":false,"template":"","format":"standard","meta":{"footnotes":""},"categories":[130],"tags":[147,148],"class_list":["post-1865","post","type-post","status-publish","format-standard","has-post-thumbnail","hentry","category-non-classifiee","tag-acquisition-de-la-citoyennete-serbe","tag-les-droits-des-etrangers"],"_links":{"self":[{"href":"https:\/\/advokatskakancelarijajecmenica.com\/fr\/wp-json\/wp\/v2\/posts\/1865","targetHints":{"allow":["GET"]}}],"collection":[{"href":"https:\/\/advokatskakancelarijajecmenica.com\/fr\/wp-json\/wp\/v2\/posts"}],"about":[{"href":"https:\/\/advokatskakancelarijajecmenica.com\/fr\/wp-json\/wp\/v2\/types\/post"}],"author":[{"embeddable":true,"href":"https:\/\/advokatskakancelarijajecmenica.com\/fr\/wp-json\/wp\/v2\/users\/3"}],"replies":[{"embeddable":true,"href":"https:\/\/advokatskakancelarijajecmenica.com\/fr\/wp-json\/wp\/v2\/comments?post=1865"}],"version-history":[{"count":0,"href":"https:\/\/advokatskakancelarijajecmenica.com\/fr\/wp-json\/wp\/v2\/posts\/1865\/revisions"}],"wp:featuredmedia":[{"embeddable":true,"href":"https:\/\/advokatskakancelarijajecmenica.com\/fr\/wp-json\/wp\/v2\/media\/1788"}],"wp:attachment":[{"href":"https:\/\/advokatskakancelarijajecmenica.com\/fr\/wp-json\/wp\/v2\/media?parent=1865"}],"wp:term":[{"taxonomy":"category","embeddable":true,"href":"https:\/\/advokatskakancelarijajecmenica.com\/fr\/wp-json\/wp\/v2\/categories?post=1865"},{"taxonomy":"post_tag","embeddable":true,"href":"https:\/\/advokatskakancelarijajecmenica.com\/fr\/wp-json\/wp\/v2\/tags?post=1865"}],"curies":[{"name":"wp","href":"https:\/\/api.w.org\/{rel}","templated":true}]}}