{"id":2009,"date":"2024-12-02T16:58:01","date_gmt":"2024-12-02T15:58:01","guid":{"rendered":"https:\/\/advokatskakancelarijajecmenica.com\/?p=2009"},"modified":"2024-12-02T16:58:01","modified_gmt":"2024-12-02T15:58:01","slug":"obtenir-la-nationalite-serbe-au-titre-de-l-origine-avocat","status":"publish","type":"post","link":"https:\/\/advokatskakancelarijajecmenica.com\/fr\/obtenir-la-nationalite-serbe-au-titre-de-l-origine-avocat\/","title":{"rendered":"OBTENIR LA NATIONALIT\u00c9 SERBE AU TITRE DE L\u2019ORIGINE-AVOCAT"},"content":{"rendered":"<p class=\"p1\"><span style=\"font-size: 18px;\"><em><span style=\"color: #ff0000;\">C\u2019est un fait notoire que des membres du peuple serbe ont \u00e9migr\u00e9 des territoires de l&rsquo;ex-Yougoslavie pendant pr\u00e8s d&rsquo;un si\u00e8cle. Ces tendances migratoires ont \u00e9t\u00e9 particuli\u00e8rement marqu\u00e9es durant et imm\u00e9diatement apr\u00e8s la Seconde Guerre mondiale, ainsi que pendant les guerres des ann\u00e9es 1990, entra\u00eenant un grand nombre de Serbes vivant hors de leur patrie.<\/span><\/em><\/span><\/p>\n<p class=\"p1\"><span style=\"font-size: 17px; color: #000000;\">Parmi ces compatriotes, bien que parfois membres de <strong>la troisi\u00e8me ou quatri\u00e8me g\u00e9n\u00e9ration de Serbes<\/strong> n\u00e9s dans les pays les plus d\u00e9velopp\u00e9s comme les \u00c9tats-Unis, le Canada, l\u2019Australie, la Suisse etc., subsiste encore un attachement profond pour le pays de leurs anc\u00eatres. La loi sur la nationalit\u00e9 de la R\u00e9publique de Serbie <strong>reconna\u00eet cette cat\u00e9gorie<\/strong> de candidats \u00e0 la nationalit\u00e9 serbe, leur permettant <a href=\"https:\/\/advokatskakancelarijajecmenica.com\/fr\/acquisition-de-la-citoyennete-de-la-reublique-de-serbie-l-avocat-belgrade\/\"><strong><em><span style=\"color: #008000;\">d&rsquo;acqu\u00e9rir celle-ci<\/span><\/em><\/strong><\/a> dans des <strong>conditions avantageuses<\/strong>.<\/span><\/p>\n<p class=\"p1\"><span style=\"font-size: 19px; color: #ff0000;\"><b>CONDITIONS POUR L\u2019OBTENIR LA NATIONALIT\u00c9 SERBE AU TITRE DE L\u2019ORIGINE SERBE<\/b><\/span><\/p>\n<p class=\"p1\"><span style=\"font-size: 17px; color: #000000;\">La condition <strong>premi\u00e8re et essentielle<\/strong> pour qu\u2019un \u00e9tranger obtienne la nationalit\u00e9 serbe est <strong>son origine serbe<\/strong>. L\u2019appartenance au peuple serbe signifie que <strong>les anc\u00eatres de l&rsquo;\u00e9tranger<\/strong> (p\u00e8re ou m\u00e8re, grand-p\u00e8re ou grand-m\u00e8re, arri\u00e8re-grand-p\u00e8re ou arri\u00e8re-grand-m\u00e8re) <strong>\u00e9taient Serbes<\/strong>. Les documents personnels des anc\u00eatres en langue serbe contenant autant d&rsquo;informations que possible permettant d&rsquo;inscrire l&rsquo;anc\u00eatre dans <strong>le corpus national serbe<\/strong> seront d&rsquo;une grande aide dans le processus de preuve \u2013 par exemple, un pr\u00e9nom et un nom serbes, ou une d\u00e9claration d&rsquo;appartenance au peuple serbe\/orthodoxe.<\/span><\/p>\n<p class=\"p1\"><span style=\"font-size: 17px; color: #000000;\">Il est n\u00e9cessaire que l&rsquo;origine serbe soit \u00e9tablie pour au moins un anc\u00eatre de l&rsquo;\u00e9tranger selon <strong>une lign\u00e9e directe<\/strong> \u2013 par exemple, p\u00e8re\/m\u00e8re, grand-p\u00e8re\/grand-m\u00e8re. Enfin, il faut prouver <strong>le lien de parent\u00e9<\/strong> entre l\u2019anc\u00eatre d&rsquo;origine serbe et l&rsquo;\u00e9tranger d\u00e9posant la demande de nationalit\u00e9.<\/span><\/p>\n<p class=\"p1\"><span style=\"font-size: 17px; color: #000000;\">Un \u00e9tranger <strong>n&rsquo;ayant pas de r\u00e9sidence<\/strong> sur le territoire de la R\u00e9publique de Serbie peut pr\u00e9tendre \u00e0 la nationalit\u00e9 serbe \u00e0 ce titre. <\/span><span style=\"font-size: 17px; color: #000000;\">En r\u00e8gle g\u00e9n\u00e9rale, cette condition n&rsquo;est pas difficile \u00e0 remplir, \u00e9tant donn\u00e9 que les demandeurs sont dans la plupart des cas des citoyens \u00e9trangers dont <strong>les grands-p\u00e8res ou les p\u00e8res ont immigr\u00e9<\/strong> du territoire de l&rsquo;ex-Yougoslavie. <\/span><span style=\"font-size: 17px; color: #000000;\">Ces descendants, d\u00e9posant une demande de nationalit\u00e9 serbe, sont souvent n\u00e9s \u00e0 des milliers de kilom\u00e8tres de leur pays d&rsquo;origine, o\u00f9 ils <strong>n&rsquo;ont jamais v\u00e9cu<\/strong>.<\/span><\/p>\n<p class=\"p1\"><span style=\"font-size: 17px; color: #000000;\">Un crit\u00e8re d&rsquo;\u00e2ge s&rsquo;applique \u00e9galement : l&rsquo;acquisition de la nationalit\u00e9 serbe sur cette base est <strong>r\u00e9serv\u00e9e aux personnes majeures<\/strong> (\u00e2g\u00e9es de 18 ans ou plus). Par ailleurs, il est indispensable que le demandeur jouisse de <strong>sa pleine capacit\u00e9 juridique<\/strong>.<\/span><\/p>\n<p class=\"p1\"><span style=\"font-size: 17px; color: #000000;\">Enfin, le demandeur doit pr\u00e9senter <strong>une d\u00e9claration<\/strong> selon laquelle il <strong>consid\u00e8re la R\u00e9publique de Serbie comme son pays<\/strong>. <\/span><span style=\"font-size: 17px; color: #000000;\">Cette d\u00e9claration peut \u00eatre faite <strong>personnellement par l\u2019\u00e9tranger ou par un avocat<\/strong> agissant en son nom, avec une procuration l\u00e9galis\u00e9e.<\/span><\/p>\n<p class=\"p1\"><span style=\"font-size: 17px; color: #000000;\">Un \u00e9tranger peut <strong>conserver sa nationalit\u00e9 \u00e9trang\u00e8re<\/strong> lorsqu&rsquo;il demande la nationalit\u00e9 serbe au titre de l\u2019origine. En d&rsquo;autres termes, il <strong>n&rsquo;est pas n\u00e9cessaire de renoncer<\/strong> \u00e0 sa nationalit\u00e9 \u00e9trang\u00e8re pour acqu\u00e9rir la nationalit\u00e9 serbe. Cela constitue un <strong>avantage significatif<\/strong> pour les membres de la diaspora serbe, car ils ne sont pas oblig\u00e9s de renoncer \u00e0 leur nationalit\u00e9 d&rsquo;origine et peuvent ainsi d\u00e9tenir plusieurs nationalit\u00e9s simultan\u00e9ment.<\/span><\/p>\n<p class=\"p1\"><span style=\"font-size: 19px; color: #ff0000;\"><b>PROC\u00c9DURE D\u2019OBTENIR LA NATIONALIT\u00c9 SERBE<\/b><\/span><\/p>\n<p class=\"p1\"><span style=\"font-size: 17px; color: #000000;\">La demande de nationalit\u00e9 serbe est examin\u00e9e par <strong>le Minist\u00e8re de l&rsquo;Int\u00e9rieur<\/strong> de la R\u00e9publique de Serbie. L\u2019\u00e9tranger peut d\u00e9poser sa demande <strong>personnellement ou par l\u2019interm\u00e9diaire<\/strong> d\u2019un repr\u00e9sentant l\u00e9gal. En r\u00e8gle g\u00e9n\u00e9rale, ces repr\u00e9sentants sont des avocats autoris\u00e9s par <strong>procuration l\u00e9galis\u00e9e<\/strong> \u00e0 l\u2019\u00e9tranger pour \u00eatre utilis\u00e9e en Serbie.<\/span><\/p>\n<p class=\"p1\"><span style=\"font-size: 17px; color: #000000;\">La demande peut \u00e9galement \u00eatre d\u00e9pos\u00e9e <strong>pour les enfants de l\u2019\u00e9tranger<\/strong> d\u2019origine serbe, \u00e2g\u00e9s de <strong>moins de 18 ans<\/strong>. Dans ce cas, la demande est pr\u00e9sent\u00e9e <strong>par le parent<\/strong> lui-m\u00eame demandeur de la nationalit\u00e9 serbe, avec le consentement de l\u2019autre parent. Si l&rsquo;enfant a <strong>plus de 14 ans<\/strong>, son <strong>consentement<\/strong> est \u00e9galement requis.<\/span><\/p>\n<p class=\"p1\"><span style=\"font-size: 17px; color: #000000;\">La proc\u00e9dure d&rsquo;examen des demandes de nationalit\u00e9 <strong>est prioritaire<\/strong>. Si tous les documents requis sont fournis, la proc\u00e9dure peut \u00eatre <strong>achev\u00e9e en 4 \u00e0 6 mois<\/strong>.<\/span><\/p>\n<p class=\"p1\"><span style=\"font-size: 17px; color: #000000;\">Une fois la nationalit\u00e9 serbe acquise, la personne est inscrite dans <strong>le registre d\u2019\u00e9tat civil<\/strong> des citoyens de la R\u00e9publique de Serbie. Les citoyens serbes n\u00e9s hors du territoire de la R\u00e9publique de Serbie, et n&rsquo;y ayant ni r\u00e9sidence ni domicile, sont inscrits dans le registre d\u2019\u00e9tat civil de la municipalit\u00e9 de Stari grad de Belgrade.<\/span><\/p>\n<p class=\"p1\"><span style=\"font-size: 17px; color: #000000;\">Pour plus d&rsquo;informations sur ce sujet, ainsi que sur d&rsquo;autres questions li\u00e9es aux droits des \u00e9trangers, il est recommand\u00e9 de <a href=\"https:\/\/advokatskakancelarijajecmenica.com\/fr\/contact\/\"><strong><em><span style=\"color: #008000;\">consulter<\/span><\/em><\/strong><\/a> un avocat.<\/span><\/p>\n","protected":false},"excerpt":{"rendered":"<p>C\u2019est un fait notoire que des membres du peuple serbe ont \u00e9migr\u00e9 des territoires de l&rsquo;ex-Yougoslavie pendant pr\u00e8s d&rsquo;un si\u00e8cle. Ces tendances migratoires ont \u00e9t\u00e9 particuli\u00e8rement marqu\u00e9es durant et imm\u00e9diatement apr\u00e8s la Seconde Guerre mondiale, ainsi que pendant les guerres des ann\u00e9es 1990, entra\u00eenant un grand nombre de Serbes vivant hors de leur patrie. Parmi [&hellip;]<\/p>\n","protected":false},"author":3,"featured_media":1990,"comment_status":"open","ping_status":"open","sticky":false,"template":"","format":"standard","meta":{"footnotes":""},"categories":[130],"tags":[191],"class_list":["post-2009","post","type-post","status-publish","format-standard","has-post-thumbnail","hentry","category-non-classifiee","tag-obtenir-la-nationalite-serbe"],"_links":{"self":[{"href":"https:\/\/advokatskakancelarijajecmenica.com\/fr\/wp-json\/wp\/v2\/posts\/2009","targetHints":{"allow":["GET"]}}],"collection":[{"href":"https:\/\/advokatskakancelarijajecmenica.com\/fr\/wp-json\/wp\/v2\/posts"}],"about":[{"href":"https:\/\/advokatskakancelarijajecmenica.com\/fr\/wp-json\/wp\/v2\/types\/post"}],"author":[{"embeddable":true,"href":"https:\/\/advokatskakancelarijajecmenica.com\/fr\/wp-json\/wp\/v2\/users\/3"}],"replies":[{"embeddable":true,"href":"https:\/\/advokatskakancelarijajecmenica.com\/fr\/wp-json\/wp\/v2\/comments?post=2009"}],"version-history":[{"count":0,"href":"https:\/\/advokatskakancelarijajecmenica.com\/fr\/wp-json\/wp\/v2\/posts\/2009\/revisions"}],"wp:featuredmedia":[{"embeddable":true,"href":"https:\/\/advokatskakancelarijajecmenica.com\/fr\/wp-json\/wp\/v2\/media\/1990"}],"wp:attachment":[{"href":"https:\/\/advokatskakancelarijajecmenica.com\/fr\/wp-json\/wp\/v2\/media?parent=2009"}],"wp:term":[{"taxonomy":"category","embeddable":true,"href":"https:\/\/advokatskakancelarijajecmenica.com\/fr\/wp-json\/wp\/v2\/categories?post=2009"},{"taxonomy":"post_tag","embeddable":true,"href":"https:\/\/advokatskakancelarijajecmenica.com\/fr\/wp-json\/wp\/v2\/tags?post=2009"}],"curies":[{"name":"wp","href":"https:\/\/api.w.org\/{rel}","templated":true}]}}